{"id":205,"date":"2024-08-23T11:09:00","date_gmt":"2024-08-23T09:09:00","guid":{"rendered":"https:\/\/pz8.pozytywneinicjatywy.pl\/?p=205"},"modified":"2024-08-19T13:08:29","modified_gmt":"2024-08-19T11:08:29","slug":"nowe-dofinansowanie-od-1-pazdziernika-24","status":"publish","type":"post","link":"https:\/\/pz8.pozytywneinicjatywy.pl\/index.php\/2024\/08\/23\/nowe-dofinansowanie-od-1-pazdziernika-24\/","title":{"rendered":"Nowe dofinansowanie od 1 pa\u017adziernika 24"},"content":{"rendered":"\n<p>Szanowni Pa\u0144stwo,<\/p>\n\n\n\n<p>&nbsp;od 1 pa\u017adziernika 2024 r. wchodz\u0105 w \u017cycie przepisy reguluj\u0105ce pakiet \u015bwiadcze\u0144 programu Aktywny Rodzic dla rodzic\u00f3w dzieci do lat 3. W za\u0142\u0105czeniu przesy\u0142amy materia\u0142 merytoryczny na temat programu dotycz\u0105cy dofinansowania do \u017c\u0142obka. Prosimy Pa\u0144stwa o zapoznanie si\u0119 z informacj\u0105 o nowym \u015bwiadczeniu.<\/p>\n\n\n\n<p>&nbsp;Program Aktywny Rodzic ma u\u0142atwi\u0107 rodzicom i opiekunom pogodzenie zada\u0144 zwi\u0105zanych z rodzicielstwem i aktywizacj\u0105 zawodow\u0105. Zacznie obowi\u0105zywa\u0107 od 1 pa\u017adziernika 2024 roku.<\/p>\n\n\n\n<p>Z programu Aktywny Rodzic mo\u017cna otrzyma\u0107 nast\u0119puj\u0105ce \u015bwiadczenia:<\/p>\n\n\n\n<ul class=\"wp-block-list\">\n<li>\u015bwiadczenie aktywni rodzice w pracy \u2013 nowe,<\/li>\n\n\n\n<li>\u015bwiadczenie aktywnie w \u017c\u0142obku \u2013 zast\u0119puje dofinansowanie do \u017c\u0142obka,<\/li>\n\n\n\n<li>\u015bwiadczenie aktywnie w domu \u2013 zast\u0119puje rodzinny kapita\u0142 opieku\u0144czy.<\/li>\n<\/ul>\n\n\n\n<p>Od 1 pa\u017adziernika br. \u015bwiadczenie aktywnie w \u017c\u0142obku zast\u0105pi dotychczasowe dofinansowanie do \u017c\u0142obka (tzw. \u201e\u017c\u0142obkowe\u201d), nie zmieni si\u0119 jednak spos\u00f3b wyp\u0142aty tego \u015bwiadczenia. \u015awiadczenie to b\u0119dzie wyp\u0142acane na rachunek bankowy podmiotu, kt\u00f3ry prowadzi \u017c\u0142obek.<\/p>\n\n\n\n<p>Pierwsze wyp\u0142aty \u015bwiadczenia aktywnie w \u017c\u0142obku, b\u0119d\u0105 przekazane na konta \u017c\u0142obk\u00f3w oko\u0142o 29 listopada br. (za pa\u017adziernik).&nbsp;W kolejnych miesi\u0105cach wyp\u0142aty \u015brodk\u00f3w z tytu\u0142u \u015bwiadczenia aktywnie w \u017c\u0142obku b\u0119d\u0105 realizowane 20 dnia miesi\u0105ca, za poprzedni miesi\u0105c.<\/p>\n\n\n\n<p>Wi\u0119cej informacji na temat programu Aktywny Rodzic znajduje si\u0119 na stronie internetowej:&nbsp;<a target=\"_blank\" rel=\"noreferrer noopener\" href=\"http:\/\/zus.pl\/aktywnyrodzic\"><u>zus.pl\/aktywnyrodzic<\/u><\/a>.<\/p>\n\n\n\n<p>W razie pyta\u0144 i w\u0105tpliwo\u015bci zach\u0119camy do kontaktu z Centrum Kontaktu Klient\u00f3w ZUS, pod nr tel. 22 560 16 00 lub do wizyty w plac\u00f3wce Zak\u0142adu Ubezpiecze\u0144 Spo\u0142ecznych.<\/p>\n\n\n\n<p>Informacje na temat programu Aktywny Rodzic mo\u017cna r\u00f3wnie\u017c uzyska\u0107:<\/p>\n\n\n\n<ul class=\"wp-block-list\">\n<li>poprzez\u00a0<a href=\"https:\/\/www.zus.pl\/o-zus\/kontakt\/zadaj-pytanie-zus\" target=\"_blank\" rel=\"noreferrer noopener\"><u>Formularz kontaktowy zapytania og\u00f3lnego<\/u><\/a>,<\/li>\n\n\n\n<li>wys\u0142anie pytania na adres:\u00a0<a href=\"mailto:cot@zus.pl\" target=\"_blank\" rel=\"noreferrer noopener\"><u>cot@zus.pl<\/u><\/a>,<\/li>\n\n\n\n<li>po zalogowaniu do PUE ZUS przez opcj\u0119 \u201eZadaj pytanie ZUS\u201d.<\/li>\n<\/ul>\n\n\n\n<div data-wp-interactive=\"core\/file\" class=\"wp-block-file\"><object data-wp-bind--hidden=\"!state.hasPdfPreview\" hidden class=\"wp-block-file__embed\" data=\"https:\/\/pz8.pozytywneinicjatywy.pl\/wp-content\/uploads\/2024\/08\/aktywnyrodzic-materiaadlaaaobkaw.81e0bf1d-22cc-45e4-97d9-ce166a6814bd-1.pdf\" type=\"application\/pdf\" style=\"width:100%;height:765px\" aria-label=\"Osadzone z aktywnyrodzic-materiaadlaaaobkaw.81e0bf1d-22cc-45e4-97d9-ce166a6814bd.\"><\/object><a id=\"wp-block-file--media-6eda06af-a8ae-4720-b803-25d5cab78355\" href=\"https:\/\/pz8.pozytywneinicjatywy.pl\/wp-content\/uploads\/2024\/08\/aktywnyrodzic-materiaadlaaaobkaw.81e0bf1d-22cc-45e4-97d9-ce166a6814bd-1.pdf\" target=\"_blank\" rel=\"noreferrer noopener\">aktywnyrodzic-materiaadlaaaobkaw.81e0bf1d-22cc-45e4-97d9-ce166a6814bd<\/a><a href=\"https:\/\/pz8.pozytywneinicjatywy.pl\/wp-content\/uploads\/2024\/08\/aktywnyrodzic-materiaadlaaaobkaw.81e0bf1d-22cc-45e4-97d9-ce166a6814bd-1.pdf\" class=\"wp-block-file__button wp-element-button\" download aria-describedby=\"wp-block-file--media-6eda06af-a8ae-4720-b803-25d5cab78355\">Pobierz<\/a><\/div>\n","protected":false},"excerpt":{"rendered":"<p>Szanowni Pa\u0144stwo, &nbsp;od 1 pa\u017adziernika 2024 r. wchodz\u0105 w \u017cycie przepisy reguluj\u0105ce pakiet \u015bwiadcze\u0144 programu Aktywny Rodzic dla rodzic\u00f3w dzieci do lat 3. W za\u0142\u0105czeniu przesy\u0142amy materia\u0142 merytoryczny na temat programu dotycz\u0105cy dofinansowania do \u017c\u0142obka. Prosimy Pa\u0144stwa o zapoznanie si\u0119 z informacj\u0105 o nowym \u015bwiadczeniu. &nbsp;Program Aktywny Rodzic ma u\u0142atwi\u0107 rodzicom i opiekunom pogodzenie zada\u0144 [&hellip;]<\/p>\n","protected":false},"author":2,"featured_media":203,"comment_status":"open","ping_status":"open","sticky":false,"template":"","format":"standard","meta":{"footnotes":""},"categories":[1],"tags":[],"class_list":["post-205","post","type-post","status-publish","format-standard","has-post-thumbnail","hentry","category-bez-kategorii"],"_links":{"self":[{"href":"https:\/\/pz8.pozytywneinicjatywy.pl\/index.php\/wp-json\/wp\/v2\/posts\/205","targetHints":{"allow":["GET"]}}],"collection":[{"href":"https:\/\/pz8.pozytywneinicjatywy.pl\/index.php\/wp-json\/wp\/v2\/posts"}],"about":[{"href":"https:\/\/pz8.pozytywneinicjatywy.pl\/index.php\/wp-json\/wp\/v2\/types\/post"}],"author":[{"embeddable":true,"href":"https:\/\/pz8.pozytywneinicjatywy.pl\/index.php\/wp-json\/wp\/v2\/users\/2"}],"replies":[{"embeddable":true,"href":"https:\/\/pz8.pozytywneinicjatywy.pl\/index.php\/wp-json\/wp\/v2\/comments?post=205"}],"version-history":[{"count":1,"href":"https:\/\/pz8.pozytywneinicjatywy.pl\/index.php\/wp-json\/wp\/v2\/posts\/205\/revisions"}],"predecessor-version":[{"id":207,"href":"https:\/\/pz8.pozytywneinicjatywy.pl\/index.php\/wp-json\/wp\/v2\/posts\/205\/revisions\/207"}],"wp:featuredmedia":[{"embeddable":true,"href":"https:\/\/pz8.pozytywneinicjatywy.pl\/index.php\/wp-json\/wp\/v2\/media\/203"}],"wp:attachment":[{"href":"https:\/\/pz8.pozytywneinicjatywy.pl\/index.php\/wp-json\/wp\/v2\/media?parent=205"}],"wp:term":[{"taxonomy":"category","embeddable":true,"href":"https:\/\/pz8.pozytywneinicjatywy.pl\/index.php\/wp-json\/wp\/v2\/categories?post=205"},{"taxonomy":"post_tag","embeddable":true,"href":"https:\/\/pz8.pozytywneinicjatywy.pl\/index.php\/wp-json\/wp\/v2\/tags?post=205"}],"curies":[{"name":"wp","href":"https:\/\/api.w.org\/{rel}","templated":true}]}}