{"id":276,"date":"2025-06-09T10:42:26","date_gmt":"2025-06-09T08:42:26","guid":{"rendered":"https:\/\/pz8.pozytywneinicjatywy.pl\/?p=276"},"modified":"2025-06-09T10:42:26","modified_gmt":"2025-06-09T08:42:26","slug":"spektakl-interaktywno-sensoryczny-teatru-garden-w-pozytywnym-zlobku-nr-8","status":"publish","type":"post","link":"https:\/\/pz8.pozytywneinicjatywy.pl\/index.php\/2025\/06\/09\/spektakl-interaktywno-sensoryczny-teatru-garden-w-pozytywnym-zlobku-nr-8\/","title":{"rendered":"Spektakl interaktywno-sensoryczny Teatru Garden w Pozytywnym \u017b\u0142obku nr 8!"},"content":{"rendered":"\n<p>Serdecznie zapraszamy na wyj\u0105tkowy spektakl interaktywno-sensoryczny <strong>Teatru Garden<\/strong>, kt\u00f3ry odb\u0119dzie si\u0119 w \u015brod\u0119 <strong>25 czerwca 2025 roku o godzinie 9:00<\/strong> w <strong>Pozytywnym \u017b\u0142obku nr 8<\/strong>!<\/p>\n\n\n\n<p>To magiczne wydarzenie przygotowali\u015bmy specjalnie z okazji <strong>po\u017cegnania starszak\u00f3w<\/strong> i zako\u0144czenia roku szkolnego. B\u0119dzie to niezapomniana podr\u00f3\u017c w \u015bwiat zmys\u0142\u00f3w, pe\u0142na fascynuj\u0105cych d\u017awi\u0119k\u00f3w, \u015bwiate\u0142, zapach\u00f3w i tekstur, kt\u00f3re pobudz\u0105 wyobra\u017ani\u0119 naszych ma\u0142ych widz\u00f3w. Dzieci b\u0119d\u0105 mia\u0142y okazj\u0119 aktywnie uczestniczy\u0107 w przedstawieniu, staj\u0105c si\u0119 cz\u0119\u015bci\u0105 teatralnej opowie\u015bci.<\/p>\n","protected":false},"excerpt":{"rendered":"<p>Serdecznie zapraszamy na wyj\u0105tkowy spektakl interaktywno-sensoryczny Teatru Garden, kt\u00f3ry odb\u0119dzie si\u0119 w \u015brod\u0119 25 czerwca 2025 roku o godzinie 9:00 w Pozytywnym \u017b\u0142obku nr 8! To magiczne wydarzenie przygotowali\u015bmy specjalnie z okazji po\u017cegnania starszak\u00f3w i zako\u0144czenia roku szkolnego. B\u0119dzie to niezapomniana podr\u00f3\u017c w \u015bwiat zmys\u0142\u00f3w, pe\u0142na fascynuj\u0105cych d\u017awi\u0119k\u00f3w, \u015bwiate\u0142, zapach\u00f3w i tekstur, kt\u00f3re pobudz\u0105 wyobra\u017ani\u0119 [&hellip;]<\/p>\n","protected":false},"author":2,"featured_media":277,"comment_status":"open","ping_status":"open","sticky":false,"template":"","format":"standard","meta":{"footnotes":""},"categories":[1],"tags":[],"class_list":["post-276","post","type-post","status-publish","format-standard","has-post-thumbnail","hentry","category-bez-kategorii"],"_links":{"self":[{"href":"https:\/\/pz8.pozytywneinicjatywy.pl\/index.php\/wp-json\/wp\/v2\/posts\/276","targetHints":{"allow":["GET"]}}],"collection":[{"href":"https:\/\/pz8.pozytywneinicjatywy.pl\/index.php\/wp-json\/wp\/v2\/posts"}],"about":[{"href":"https:\/\/pz8.pozytywneinicjatywy.pl\/index.php\/wp-json\/wp\/v2\/types\/post"}],"author":[{"embeddable":true,"href":"https:\/\/pz8.pozytywneinicjatywy.pl\/index.php\/wp-json\/wp\/v2\/users\/2"}],"replies":[{"embeddable":true,"href":"https:\/\/pz8.pozytywneinicjatywy.pl\/index.php\/wp-json\/wp\/v2\/comments?post=276"}],"version-history":[{"count":1,"href":"https:\/\/pz8.pozytywneinicjatywy.pl\/index.php\/wp-json\/wp\/v2\/posts\/276\/revisions"}],"predecessor-version":[{"id":278,"href":"https:\/\/pz8.pozytywneinicjatywy.pl\/index.php\/wp-json\/wp\/v2\/posts\/276\/revisions\/278"}],"wp:featuredmedia":[{"embeddable":true,"href":"https:\/\/pz8.pozytywneinicjatywy.pl\/index.php\/wp-json\/wp\/v2\/media\/277"}],"wp:attachment":[{"href":"https:\/\/pz8.pozytywneinicjatywy.pl\/index.php\/wp-json\/wp\/v2\/media?parent=276"}],"wp:term":[{"taxonomy":"category","embeddable":true,"href":"https:\/\/pz8.pozytywneinicjatywy.pl\/index.php\/wp-json\/wp\/v2\/categories?post=276"},{"taxonomy":"post_tag","embeddable":true,"href":"https:\/\/pz8.pozytywneinicjatywy.pl\/index.php\/wp-json\/wp\/v2\/tags?post=276"}],"curies":[{"name":"wp","href":"https:\/\/api.w.org\/{rel}","templated":true}]}}